
{"id":43060,"date":"2026-04-29T09:06:09","date_gmt":"2026-04-29T07:06:09","guid":{"rendered":"https:\/\/castegnaro.lu\/?p=43060"},"modified":"2026-04-29T09:06:11","modified_gmt":"2026-04-29T07:06:11","slug":"ue-chomage-frontalier-accord-provisoire-sur-la-coordination-des-systemes-de-securite-sociale","status":"publish","type":"post","link":"https:\/\/castegnaro.lu\/en\/ue-chomage-frontalier-accord-provisoire-sur-la-coordination-des-systemes-de-securite-sociale\/","title":{"rendered":"[UE] Ch\u00f4mage frontalier : Accord provisoire\u00a0sur la coordination des syst\u00e8mes de s\u00e9curit\u00e9 sociale"},"content":{"rendered":"<div name=\"module-insight-bloc-paragraph\" class=\"container-px-25 mt-30 paragraph-body-small lg:mt-20 lg:text-20\">\n    \n    <p>A <a href=\"https:\/\/dowhs.r.sp1-brevo.net\/mk\/cl\/f\/sh\/SMK1E8tHeG7uihbsc78dkv5zsFsd\/jGPbYtiKSyY6\">accord provisoire<\/a> visant la modification des r\u00e8glements n\u00ba 883\/2004 et n\u00ba 987\/2009 portant sur la coordination des syst\u00e8mes de s\u00e9curit\u00e9 sociale \u00e9t\u00e9 conclu par le Conseil de l\u2019UE et le Parlement europ\u00e9en le 22 avril 2026. Il doit encore \u00eatre formellement approuv\u00e9 par les deux institutions avant une adoption d\u00e9finitive.<\/p>\n<p>Ce projet de r\u00e9forme vise <strong><u>notamment<\/u><\/strong> :<\/p>\n<ul>\n<li>\u00e0 proposer de nouvelles modalit\u00e9s pour la coordination des prestations de ch\u00f4mage dans les situations transfronti\u00e8res<\/li>\n<li>\u00e0 pr\u00e9ciser les r\u00e8gles de conflit de lois permettant de d\u00e9terminer la l\u00e9gislation applicable et \u00e0 clarifier la relation avec la directive 96\/71\/CE concernant le d\u00e9tachement de travailleurs effectu\u00e9 dans le cadre d&rsquo;une prestation de services.<\/li>\n<\/ul>\n<p>&nbsp;<\/p>\n<p>La volont\u00e9 exprim\u00e9e au travers de cette r\u00e9forme est de parvenir \u00e0 une prise en charge plus importante des indemnit\u00e9s de ch\u00f4mage par le dernier \u00c9tat membre dans lequel le salari\u00e9 a exerc\u00e9 une activit\u00e9 professionnelle.<\/p>\n<p>\u00c0 ce jour, le Luxembourg prend en charge le versement des allocations de ch\u00f4mage des travailleurs frontaliers pendant une p\u00e9riode de trois mois. En cas d\u2019adoption de la r\u00e9forme, cette dur\u00e9e serait port\u00e9e \u00e0 six mois.<\/p>\n<p>Selon la presse (<a href=\"https:\/\/dowhs.r.sp1-brevo.net\/mk\/cl\/f\/sh\/SMK1E8tHeGEmAqQpnHI7qkOjqYSt\/WmOTzTlsmek3\">Luxemburger Wort<\/a>), le ministre du travail, Marc Spautz, a exprim\u00e9 sa volont\u00e9 d\u2019engager des discussions avec l\u2019Allemagne, la Belgique et la France afin de mettre en place des m\u00e9canismes de contr\u00f4le renforc\u00e9s, visant notamment \u00e0 pr\u00e9venir le risque de cumul indu d\u2019indemnit\u00e9s de ch\u00f4mage dans plusieurs \u00c9tats membres.<\/p>\n<p>Par ailleurs, une r\u00e9organisation en profondeur de l\u2019ADEM devrait \u00eatre envisag\u00e9e.<\/p>\n<p>\u00c0 la date de publication de la pr\u00e9sente Newsflash, le projet de r\u00e8glement modificatif n\u2019a pas encore \u00e9t\u00e9 rendu public. Toute \u00e9volution significative \u00e0 ce sujet fera l\u2019objet d\u2019une communication ult\u00e9rieure.<\/p>\n<p>&nbsp;<\/p>\n<p>Des questions ? N\u2019h\u00e9sitez \u00e0 contacter notre\u00a0<a href=\"mailto:contact@castegnaro.lu\">\u00e9quipe d\u2019experts<\/a>\u00a0!<\/p>\n   \n<\/div>","protected":false},"excerpt":{"rendered":"","protected":false},"author":8,"featured_media":0,"comment_status":"closed","ping_status":"closed","sticky":false,"template":"","format":"standard","meta":{"footnotes":""},"categories":[1],"tags":[],"country":[270,433],"class_list":["post-43060","post","type-post","status-publish","format-standard","hentry","category-article","country-europe","country-lu","entry"],"_links":{"self":[{"href":"https:\/\/castegnaro.lu\/en\/wp-json\/wp\/v2\/posts\/43060","targetHints":{"allow":["GET"]}}],"collection":[{"href":"https:\/\/castegnaro.lu\/en\/wp-json\/wp\/v2\/posts"}],"about":[{"href":"https:\/\/castegnaro.lu\/en\/wp-json\/wp\/v2\/types\/post"}],"author":[{"embeddable":true,"href":"https:\/\/castegnaro.lu\/en\/wp-json\/wp\/v2\/users\/8"}],"replies":[{"embeddable":true,"href":"https:\/\/castegnaro.lu\/en\/wp-json\/wp\/v2\/comments?post=43060"}],"version-history":[{"count":3,"href":"https:\/\/castegnaro.lu\/en\/wp-json\/wp\/v2\/posts\/43060\/revisions"}],"predecessor-version":[{"id":43063,"href":"https:\/\/castegnaro.lu\/en\/wp-json\/wp\/v2\/posts\/43060\/revisions\/43063"}],"wp:attachment":[{"href":"https:\/\/castegnaro.lu\/en\/wp-json\/wp\/v2\/media?parent=43060"}],"wp:term":[{"taxonomy":"category","embeddable":true,"href":"https:\/\/castegnaro.lu\/en\/wp-json\/wp\/v2\/categories?post=43060"},{"taxonomy":"post_tag","embeddable":true,"href":"https:\/\/castegnaro.lu\/en\/wp-json\/wp\/v2\/tags?post=43060"},{"taxonomy":"country","embeddable":true,"href":"https:\/\/castegnaro.lu\/en\/wp-json\/wp\/v2\/country?post=43060"}],"curies":[{"name":"wp","href":"https:\/\/api.w.org\/{rel}","templated":true}]}}