
{"id":42498,"date":"2025-08-12T10:20:29","date_gmt":"2025-08-12T08:20:29","guid":{"rendered":"https:\/\/castegnaro.lu\/?p=42498"},"modified":"2025-08-12T10:20:30","modified_gmt":"2025-08-12T08:20:30","slug":"rgpd-prolongation-des-deux-decisions-dadequation-accordees-au-royaume-uni","status":"publish","type":"post","link":"https:\/\/castegnaro.lu\/en\/rgpd-prolongation-des-deux-decisions-dadequation-accordees-au-royaume-uni\/","title":{"rendered":"RGPD : Prolongation des deux d\u00e9cisions d\u2019ad\u00e9quation accord\u00e9es au Royaume-Uni"},"content":{"rendered":"<div name=\"module-insight-bloc-paragraph\" class=\"container-px-25 mt-30 paragraph-body-small lg:mt-20 lg:text-20\">\n    \n    <p>Par deux d\u00e9cisions d\u2019ex\u00e9cution du 24 juin 2025 (<a href=\"https:\/\/dowhs.r.a.d.sendibm1.com\/mk\/cl\/f\/sh\/SMK1E8tHeG7uihbsc78dkv5zsFsd\/UVtvPXdMvyrk\">2025\/1225<\/a> et <a href=\"https:\/\/dowhs.r.a.d.sendibm1.com\/mk\/cl\/f\/sh\/SMK1E8tHeGEmAqQpnHI7qkOjqYSt\/gL4PYvoxYzZY\">2025\/1226<\/a>), la Commission europ\u00e9enne a prolong\u00e9 de six mois la dur\u00e9e de validit\u00e9 des d\u00e9cisions d&rsquo;ad\u00e9quation accord\u00e9es au Royaume-Uni le 28 juin 2021.<\/p>\n<p>&nbsp;<\/p>\n<p>Ces d\u00e9cisions d\u2019ad\u00e9quation autorisent le transfert, \u00e0 partir de l\u2019Union europ\u00e9enne, de donn\u00e9es \u00e0 caract\u00e8re personnel <a href=\"https:\/\/dowhs.r.a.d.sendibm1.com\/mk\/cl\/f\/sh\/SMK1E8tHeGLdczFmyRRbwZhTor39\/Vy9jFDfqAM_-\">vers le Royaume-Uni<\/a>, respectivement, ses autorit\u00e9s publiques\u00a0comp\u00e9tentes pour la <a href=\"https:\/\/dowhs.r.a.d.sendibm1.com\/mk\/cl\/f\/sh\/SMK1E8tHeGSV584k9bb62P0Dn9dP\/BXSXRT-elzhA\">pr\u00e9vention et la d\u00e9tection des infractions p\u00e9nales<\/a>, les enqu\u00eates et les poursuites en la mati\u00e8re ou l\u2019ex\u00e9cution des sanctions p\u00e9nales.<\/p>\n<p>&nbsp;<\/p>\n<p>Pour rappel, le <a href=\"https:\/\/dowhs.r.a.d.sendibm1.com\/mk\/cl\/f\/sh\/SMK1E8tHeGZMXGthKlka8EIxlSDf\/fHsers1Nm1OX\">R\u00e8glement g\u00e9n\u00e9ral sur la protection des donn\u00e9es<\/a> (\u00ab\u00a0RGPD\u00a0\u00bb) interdit le transfert de donn\u00e9es \u00e0 caract\u00e8re personnel vers les pays tiers (\u00e0 savoir, hors de l&rsquo;Espace Economique Europ\u00e9en (EEE)<strong><sup>1<\/sup><\/strong>) sauf\u00a0:<\/p>\n<ul>\n<li>Si ledit pays tiers fait l\u2019objet d\u2019une d\u00e9cision d\u2019ad\u00e9quation de la Commission europ\u00e9enne (cf. art. 45 du RGPD), <u>ou<\/u> en l\u2019absence de d\u00e9cision d\u2019ad\u00e9quation,<\/li>\n<li>Si le transfert s\u2019effectue dans le cadre de garanties appropri\u00e9es parmi lesquelles figurent notamment les clauses contractuelles types (\u00ab\u00a0<em>standard contractual clauses<\/em>\u00a0\u00bb ou \u00ab\u00a0<em>SCCs<\/em>\u00a0\u00bb)\u00a0 (cf. art. 46 du RGPD),\u00a0<u>ou<\/u><\/li>\n<li>Si le transfert est fond\u00e9 sur l\u2019une des d\u00e9rogations limitativement autoris\u00e9es par l\u2019article 49 du RGPD.<\/li>\n<\/ul>\n<p>&nbsp;<\/p>\n<p>La Commission europ\u00e9enne est l\u2019autorit\u00e9 responsable d\u2019\u00e9tablir la\u00a0<a href=\"https:\/\/dowhs.r.a.d.sendibm1.com\/mk\/cl\/f\/sh\/SMK1E8tHeGgDzPieVvu4E3bhjknv\/zhw0jljwlO2K\">liste des pays tiers<\/a>\u00a0reconnus comme offrant un niveau de protection ad\u00e9quat.<\/p>\n<p>&nbsp;<\/p>\n<p>Concernant le Royaume-Uni, les\u00a0d\u00e9cisions d\u2019ad\u00e9quation \u00e9taient initialement valables pour une dur\u00e9e de 4 ans, jusqu\u2019au 27 juin 2025. Elles sont d\u00e9sormais maintenues jusqu\u2019au 27 d\u00e9cembre 2025.<\/p>\n<p>&nbsp;<\/p>\n<p>Dans l\u2019intervalle, la Commission europ\u00e9enne devra r\u00e9\u00e9valuer le niveau d\u2019\u00e9quivalence\u00a0du r\u00e9gime juridique britannique de la protection des donn\u00e9es qui vient d\u2019\u00eatre modifi\u00e9 par la loi \u00ab\u00a0<a href=\"https:\/\/dowhs.r.a.d.sendibm1.com\/mk\/cl\/f\/sh\/SMK1E8tHeGn5RYXbh63YJsuRi3OB\/8RVpvleqhwxe\">Data Use and Access Act 2025<\/a>\u00a0\u00bb entr\u00e9e en vigueur le 19 juin 2025.<\/p>\n<p>&nbsp;<\/p>\n<p>Il conviendra donc de rester attentifs aux \u00e9volutions en la mati\u00e8re et adapter, le cas \u00e9ch\u00e9ant, la base l\u00e9gale de transfert de donn\u00e9es vers le Royaume-Uni \u00e0 l\u2019issue de cette p\u00e9riode de prolongation transitoire.<\/p>\n<p>&nbsp;<\/p>\n<p>Des questions\u00a0? N\u2019h\u00e9sitez \u00e0 contacter notre\u00a0<a href=\"mailto:contact@castegnaro.lu\">\u00e9quipe d\u2019experts<\/a>\u00a0!<\/p>\n<p>&nbsp;<\/p>\n<p><u>\u00a0 \u00a0 \u00a0 \u00a0 \u00a0 \u00a0 \u00a0 \u00a0 \u00a0 \u00a0 \u00a0 \u00a0 \u00a0 \u00a0 \u00a0 \u00a0 \u00a0 \u00a0 \u00a0 \u00a0\u00a0<\/u><\/p>\n<p><strong>[1]<\/strong> L\u2019EEE regroupe les 27 Etats membres de l\u2019Union Europ\u00e9enne ainsi que l\u2019Islande, la Norv\u00e8ge et le Liechtenstein.<\/p>\n   \n<\/div>","protected":false},"excerpt":{"rendered":"","protected":false},"author":8,"featured_media":0,"comment_status":"closed","ping_status":"closed","sticky":false,"template":"","format":"standard","meta":{"footnotes":""},"categories":[1],"tags":[],"country":[270],"class_list":["post-42498","post","type-post","status-publish","format-standard","hentry","category-article","country-europe","entry"],"_links":{"self":[{"href":"https:\/\/castegnaro.lu\/en\/wp-json\/wp\/v2\/posts\/42498","targetHints":{"allow":["GET"]}}],"collection":[{"href":"https:\/\/castegnaro.lu\/en\/wp-json\/wp\/v2\/posts"}],"about":[{"href":"https:\/\/castegnaro.lu\/en\/wp-json\/wp\/v2\/types\/post"}],"author":[{"embeddable":true,"href":"https:\/\/castegnaro.lu\/en\/wp-json\/wp\/v2\/users\/8"}],"replies":[{"embeddable":true,"href":"https:\/\/castegnaro.lu\/en\/wp-json\/wp\/v2\/comments?post=42498"}],"version-history":[{"count":6,"href":"https:\/\/castegnaro.lu\/en\/wp-json\/wp\/v2\/posts\/42498\/revisions"}],"predecessor-version":[{"id":42505,"href":"https:\/\/castegnaro.lu\/en\/wp-json\/wp\/v2\/posts\/42498\/revisions\/42505"}],"wp:attachment":[{"href":"https:\/\/castegnaro.lu\/en\/wp-json\/wp\/v2\/media?parent=42498"}],"wp:term":[{"taxonomy":"category","embeddable":true,"href":"https:\/\/castegnaro.lu\/en\/wp-json\/wp\/v2\/categories?post=42498"},{"taxonomy":"post_tag","embeddable":true,"href":"https:\/\/castegnaro.lu\/en\/wp-json\/wp\/v2\/tags?post=42498"},{"taxonomy":"country","embeddable":true,"href":"https:\/\/castegnaro.lu\/en\/wp-json\/wp\/v2\/country?post=42498"}],"curies":[{"name":"wp","href":"https:\/\/api.w.org\/{rel}","templated":true}]}}