
{"id":41770,"date":"2023-12-15T11:41:24","date_gmt":"2023-12-15T10:41:24","guid":{"rendered":"https:\/\/castegnaro.lu\/?p=41770"},"modified":"2023-12-15T11:41:25","modified_gmt":"2023-12-15T10:41:25","slug":"seuil-de-tolerance-en-matiere-fiscale-pour-les-travailleurs-frontaliers-allemands-2","status":"publish","type":"post","link":"https:\/\/castegnaro.lu\/de\/seuil-de-tolerance-en-matiere-fiscale-pour-les-travailleurs-frontaliers-allemands-2\/","title":{"rendered":"Seuil de tol\u00e9rance en mati\u00e8re fiscale pour les travailleurs frontaliers allemands"},"content":{"rendered":"<div name=\"module-insight-bloc-paragraph\" class=\"container-px-25 mt-30 paragraph-body-small lg:mt-20 lg:text-20\">\n    \n    <p>Le 14 d\u00e9cembre 2023, les D\u00e9put\u00e9s ont vot\u00e9 <a href=\"https:\/\/www.chd.lu\/fr\/dossier\/8311\">l\u2019augmentation du seuil de tol\u00e9rance en mati\u00e8re fiscale pour les frontaliers r\u00e9sidant en Allemagne et travaillant au Luxembourg<\/a>. Le texte est actuellement en attente de la dispense du second vote constitutionnel par le Conseil d\u2019\u00c9tat.<\/p>\n<p>En effet, l\u2019Avenant sign\u00e9 le 6 juillet 2023 \u00e0 Berlin modifie, entres autres, le seuil de tol\u00e9rance pr\u00e9vu en mati\u00e8re fiscale permettant ainsi aux travailleurs qui r\u00e9sident en Allemagne et travaillent au Luxembourg d\u2019exercer leur activit\u00e9 salari\u00e9e pendant 34 jours par an en dehors du territoire luxembourgeois (\u00c9tat de r\u00e9sidence ou tout autre \u00c9tat tiers) tout en restant soumis \u00e0 l\u2019imp\u00f4t au Luxembourg. Ce seuil de tol\u00e9rance a \u00e9t\u00e9 \u00e9tendu aux \u00ab\u00a0<em>r\u00e9mun\u00e9rations tombant dans le champ d\u2019application de la fonction publique<\/em>\u00a0\u00bb.<\/p>\n<p>Il est \u00e9galement pr\u00e9cis\u00e9 <em>\u00ab\u00a0qu\u2019une activit\u00e9 salari\u00e9e n\u2019est consid\u00e9r\u00e9e comme \u00e9tant exerc\u00e9e au cours d\u2019une journ\u00e9e de travail dans un \u00c9tat contractant que lorsque l\u2019activit\u00e9 est exerc\u00e9e au cours d\u2019une journ\u00e9e de travail dans cet \u00c9tat pendant au moins 30 minutes.\u00a0\u00bb<\/em>.<\/p>\n<p>De plus, il est pr\u00e9cis\u00e9 que \u00ab<em>\u00a0sont \u00e0 consid\u00e9rer comme journ\u00e9es de travail effectives, toutes les journ\u00e9es au cours d\u2019une ann\u00e9e civile pendant lesquelles le salari\u00e9 exerce effectivement son activit\u00e9 salari\u00e9e et pour lesquelles il per\u00e7oit une r\u00e9mun\u00e9ration\u00a0<\/em>\u00bb. De plus, \u00ab\u00a0<em>une activit\u00e9 est \u00e9galement exerc\u00e9e par la prestation d\u2019un service d\u2019astreinte r\u00e9mun\u00e9r\u00e9. <\/em>\u00bb.<\/p>\n<p>Sont \u00e9galement clarifi\u00e9es certaines dispositions concernant le droit d\u2019imposition des primes d\u2019astreinte ainsi que des salaires et r\u00e9mun\u00e9rations touch\u00e9s par un salari\u00e9 durant la p\u00e9riode de pr\u00e9avis en cas de licenciement avec dispense de travail (voir <a href=\"https:\/\/castegnaro.lu\/de\/nouveau-projet-de-loi-relatif-au-seuil-de-tolerance-en-matiere-fiscale-pour-les-travailleurs-frontaliers-allemands\/\">notre newsflash du 22 septembre 2023<\/a>).<\/p>\n<p>L\u2019Allemagne doit d\u00e9sormais ratifier cet Avenant pour que ce dernier entre en vigueur et que les dispositions pr\u00e9cit\u00e9es puissent s\u2019appliquer \u00e0 compter du 1<sup>st<\/sup> janvier 2024.<\/p>\n   \n<\/div>","protected":false},"excerpt":{"rendered":"","protected":false},"author":9,"featured_media":0,"comment_status":"closed","ping_status":"closed","sticky":false,"template":"","format":"standard","meta":{"footnotes":""},"categories":[1],"tags":[],"country":[],"class_list":["post-41770","post","type-post","status-publish","format-standard","hentry","category-article","entry"],"_links":{"self":[{"href":"https:\/\/castegnaro.lu\/de\/wp-json\/wp\/v2\/posts\/41770","targetHints":{"allow":["GET"]}}],"collection":[{"href":"https:\/\/castegnaro.lu\/de\/wp-json\/wp\/v2\/posts"}],"about":[{"href":"https:\/\/castegnaro.lu\/de\/wp-json\/wp\/v2\/types\/post"}],"author":[{"embeddable":true,"href":"https:\/\/castegnaro.lu\/de\/wp-json\/wp\/v2\/users\/9"}],"replies":[{"embeddable":true,"href":"https:\/\/castegnaro.lu\/de\/wp-json\/wp\/v2\/comments?post=41770"}],"version-history":[{"count":4,"href":"https:\/\/castegnaro.lu\/de\/wp-json\/wp\/v2\/posts\/41770\/revisions"}],"predecessor-version":[{"id":41774,"href":"https:\/\/castegnaro.lu\/de\/wp-json\/wp\/v2\/posts\/41770\/revisions\/41774"}],"wp:attachment":[{"href":"https:\/\/castegnaro.lu\/de\/wp-json\/wp\/v2\/media?parent=41770"}],"wp:term":[{"taxonomy":"category","embeddable":true,"href":"https:\/\/castegnaro.lu\/de\/wp-json\/wp\/v2\/categories?post=41770"},{"taxonomy":"post_tag","embeddable":true,"href":"https:\/\/castegnaro.lu\/de\/wp-json\/wp\/v2\/tags?post=41770"},{"taxonomy":"country","embeddable":true,"href":"https:\/\/castegnaro.lu\/de\/wp-json\/wp\/v2\/country?post=41770"}],"curies":[{"name":"wp","href":"https:\/\/api.w.org\/{rel}","templated":true}]}}